{"id":1591,"date":"2024-04-26T09:00:54","date_gmt":"2024-04-26T07:00:54","guid":{"rendered":"https:\/\/www.rena.pl\/blog\/?p=1591"},"modified":"2024-04-26T09:00:54","modified_gmt":"2024-04-26T07:00:54","slug":"rolety-zaciemniajace-cena-w-2024","status":"publish","type":"post","link":"https:\/\/www.rena.pl\/blog\/rolety-zaciemniajace-cena-w-2024\/","title":{"rendered":"Rolety zaciemniaj\u0105ce cena w 2024 roku. Ile kosztuj\u0105?"},"content":{"rendered":"\n<p><strong>Rolety materia\u0142owe zaciemniaj\u0105ce to \u015bwietny wyb\u00f3r je\u015bli chcesz skutecznie os\u0142oni\u0107 si\u0119 przed nadmiarem \u015bwiat\u0142a i upa\u0142ami. Rolety wewn\u0119trzne tego typu sprawdz\u0105 si\u0119 niemal w ka\u017cdy pomieszczeniu. Z poni\u017cszego artyku\u0142u dowiesz si\u0119, w jakiej cenie mo\u017cna kupi\u0107 rolety zaciemniaj\u0105ce w 2024 roku.<\/strong><\/p>\n\n\n\n<h2 class=\"wp-block-heading\"><strong>Rolety zaciemniaj\u0105ce cena w 2024 roku<\/strong><\/h2>\n\n\n\n<p>W naszym sklepie internetowym cena rolety zaciemniaj\u0105cych w 2024 roku zaczyna si\u0119 ju\u017c od 21 z\u0142 za komplet. W przypadku rolet wolnowisz\u0105cych montowanych bezinwazyjnie lub na wkr\u0119ty.&nbsp;<\/p>\n\n\n\n<h2 class=\"wp-block-heading\"><strong>Od czego zale\u017cy cena rolet zaciemniaj\u0105cych?<\/strong><\/h2>\n\n\n\n<p>Cena naszych rolety zaciemniaj\u0105cych zale\u017c\u0105 przede wszystkim od wymiaru okna, rodzaju tkaniny, oraz tego czy rolety jest w kasecie, czy wolnowisz\u0105ca. Tak plasuj\u0105 si\u0119 przyk\u0142adowe ceny rolet dla tego samego rozmiaru:<\/p>\n\n\n\n<ul class=\"wp-block-list\">\n<li>roleta wolnowisz\u0105ca \u2013 21 z\u0142<\/li>\n\n\n\n<li>roleta w kasecie aluminiowej z prowadnicami PCV \u2013 38 z\u0142<\/li>\n\n\n\n<li>roleta z kaset\u0105 aluminiow\u0105 i aluminiowymi prowadnicami \u2013 43 z\u0142<\/li>\n\n\n\n<li>roleta z kaset\u0105 PCV \u2013 41 z\u0142<\/li>\n\n\n\n<li>roleta z kaset\u0105 kwadratow\u0105 \u2013 72 z\u0142<\/li>\n<\/ul>\n\n\n\n<h2 class=\"wp-block-heading\"><strong>Czym s\u0105 zaciemniaj\u0105ce rolety typu blackout?<\/strong><\/h2>\n\n\n\n<p>Zaciemniaj\u0105ce rolety blackout to typ os\u0142on okiennych, kt\u00f3re skutecznie blokuj\u0105 dost\u0119p \u015bwiat\u0142a s\u0142onecznego do pomieszczenia. Wykonane s\u0105 ze specjalnej tkaniny pokrytej warstw\u0105 zaciemniaj\u0105c\u0105 (s\u0105 podgumowane), kt\u00f3ra poch\u0142ania lub odbija nawet 100% promieni s\u0142onecznych. Dzi\u0119ki temu unikniesz nadmiernego nas\u0142onecznienie.&nbsp;<\/p>\n\n\n\n<h3 class=\"wp-block-heading\"><strong>Gdzie stosowa\u0107 rolety mocno zaciemniaj\u0105ce<\/strong><\/h3>\n\n\n\n<p><strong>Rolety zaciemniaj\u0105ce<\/strong> to \u015bwietny spos\u00f3b na stworzenie komfortowego i przytulnego wn\u0119trza. Zaciemniaj\u0105 pomieszczenie i chroni\u0105 przed nadmiernym nagrzewaniem si\u0119. Oto kilka miejsc, gdzie warto je stosowa\u0107:<\/p>\n\n\n\n<ul class=\"wp-block-list\">\n<li><strong>Sypialnia<\/strong> \u2013 rolety zaciemniaj\u0105ce s\u0105 idealne do sypialni, poniewa\u017c zapewniaj\u0105 ca\u0142kowite zaciemnienie, co jest niezb\u0119dne do komfortowego snu. Szczeg\u00f3lnie polecane s\u0105 do sypialni po\u0142o\u017conych od strony wschodniej, gdzie s\u0142o\u0144ce wstaje wcze\u015bnie rano.<\/li>\n\n\n\n<li><strong>Pok\u00f3j dzieci\u0119cy<\/strong> \u2013 pomog\u0105 stworzy\u0107 idealne warunki do snu dla niemowl\u0105t i ma\u0142ych dzieci, kt\u00f3re potrzebuj\u0105 regularnych drzemek i snu w ci\u0105gu dnia. Zaciemnienie pokoju mo\u017ce r\u00f3wnie\u017c pom\u00f3c w regulacji rytmu dobowego dziecka.<\/li>\n\n\n\n<li><strong>Salon<\/strong> \u2013 warto stosowa\u0107 je w salonie, aby zredukowa\u0107 ilo\u015b\u0107 \u015bwiat\u0142a s\u0142onecznego wpadaj\u0105cego do pomieszczenia, co mo\u017ce by\u0107 szczeg\u00f3lnie uci\u0105\u017cliwe podczas ogl\u0105dania telewizji lub gdy w pokoju znajduje si\u0119 du\u017co okien.<\/li>\n\n\n\n<li><strong>Pomieszczenia na poddaszu<\/strong> \u2013 pomog\u0105 Ci w utrzymaniu przyjemnej temperatury w pomieszczeniach na poddaszu, kt\u00f3re latem mog\u0105 by\u0107 bardzo gor\u0105ce.<\/li>\n<\/ul>\n\n\n\n<h2 class=\"wp-block-heading\"><strong>Jakie s\u0105 zalety rolet ca\u0142kowicie zaciemniaj\u0105cych?<\/strong><\/h2>\n\n\n\n<ul class=\"wp-block-list\">\n<li><strong>Doskona\u0142e zaciemnienie<\/strong> \u2013 idealne do sypialni, kin domowych, sal konferencyjnych lub innych miejsc, gdzie wymagane jest ca\u0142kowite zaciemnienie.<\/li>\n\n\n\n<li><strong>Izolacja termiczna<\/strong> \u2013 tkanina blackout pomaga regulowa\u0107 temperatur\u0119 w pomieszczeniu, zatrzymuj\u0105c ciep\u0142o w zimie i chroni\u0105c przed upa\u0142em latem.<\/li>\n\n\n\n<li><strong>Redukcja ha\u0142asu<\/strong> \u2013 gruba tkanina mo\u017ce r\u00f3wnie\u017c t\u0142umi\u0107 ha\u0142as z zewn\u0105trz, zapewniaj\u0105c wi\u0119kszy komfort akustyczny.<\/li>\n\n\n\n<li><strong>Ochrona prywatno\u015bci<\/strong> \u2013 rolety blackout zapewniaj\u0105 pe\u0142n\u0105 prywatno\u015b\u0107, uniemo\u017cliwiaj\u0105c ogl\u0105danie wn\u0119trza pomieszczenia z zewn\u0105trz.<\/li>\n\n\n\n<li><strong>Estetyka<\/strong> \u2013 dost\u0119pne w szerokiej gamie kolor\u00f3w i wzor\u00f3w, dzi\u0119ki czemu mo\u017cna je dopasowa\u0107 do ka\u017cdego wystroju wn\u0119trza.<\/li>\n<\/ul>\n\n\n\n<h2 class=\"wp-block-heading\"><strong>Rolety zaciemniaj\u0105ce na wymiar<\/strong><\/h2>\n\n\n\n<p>Wybieraj\u0105c rolety zaciemniaj\u0105ce na wymiar zamiast gotowych ze sklepu, otrzymujesz produkt idealnie dopasowany do Twoich potrzeb i wymiar\u00f3w okna. Zagwarantuje Ci to perfekcyjne zaciemnienie i optymaln\u0105 funkcjonalno\u015b\u0107. Dzi\u0119ki temu unikasz problem\u00f3w zwi\u0105zanych z niedopasowaniem rozmiaru, kt\u00f3re mog\u0105 wyst\u0105pi\u0107 przy gotowych roletach.<\/p>\n\n\n\n<figure class=\"wp-block-image size-full\"><img decoding=\"async\" width=\"720\" height=\"500\" src=\"https:\/\/www.rena.pl\/blog\/wp-content\/uploads\/2024\/04\/zaciemniajace-min.jpg\" alt=\"rolety zaciemniaj\u0105ce zawieszone w \u0142adnym salonie, gdzie wida\u0107, \u017ce s\u0105 warte swej ceny\" class=\"wp-image-1593\" srcset=\"https:\/\/www.rena.pl\/blog\/wp-content\/uploads\/2024\/04\/zaciemniajace-min.jpg 720w, https:\/\/www.rena.pl\/blog\/wp-content\/uploads\/2024\/04\/zaciemniajace-min-300x208.jpg 300w\" sizes=\"(max-width: 720px) 100vw, 720px\" \/><\/figure>\n\n\n\n<p>Ponadto, rolety na wymiar daj\u0105 Ci wi\u0119ksz\u0105 kontrol\u0119 nad wyborem materia\u0142\u00f3w, wzor\u00f3w i kolor\u00f3w, co pozwala dopasowa\u0107 je do wystroju wn\u0119trza oraz zapewnia wi\u0119ksz\u0105 estetyk\u0119. Dodatkowo, rolety zaciemniaj\u0105ce na wymiar cz\u0119sto s\u0105 wykonane z wytrzymalszych materia\u0142\u00f3w, co przek\u0142ada si\u0119 na ich trwa\u0142o\u015b\u0107 i odporno\u015b\u0107 na uszkodzenia.&nbsp;<\/p>\n\n\n\n<p>Ostatecznie, cho\u0107 rolety na wymiar mog\u0105 by\u0107 nieco dro\u017csze ni\u017c gotowe, inwestycja ta zwraca si\u0119 w postaci lepszej jako\u015bci, idealnego dopasowania oraz wi\u0119kszej satysfakcji z u\u017cytkowania produktu.<\/p>\n\n\n\n<figure class=\"wp-block-table\"><table><tbody><tr><td><strong>Porada od rena.pl<\/strong><br><br>Gdy b\u0119dziesz sprawdza\u0107 wymiary okna przed zam\u00f3wieniem rolety, pami\u0119taj, by zmierzy\u0107 szeroko\u015b\u0107 szyby okiennej. Do tej warto\u015bci musisz doda\u0107 od 3 do 6 centymetr\u00f3w \u2013 tyle, by roleta by\u0142a odrobin\u0119 szersza ni\u017c szyba, ale nie zas\u0142ania\u0142a klamki.<\/td><\/tr><\/tbody><\/table><\/figure>\n\n\n\n<h2 class=\"wp-block-heading\"><strong>Rolety w kasecie i wolnowisz\u0105ce \u2013 kt\u00f3re wybra\u0107?<\/strong><\/h2>\n\n\n\n<p>Wyb\u00f3r mi\u0119dzy roletami w kasecie a wolnowisz\u0105cymi zale\u017cy g\u0142\u00f3wnie od preferencji estetycznych, funkcjonalno\u015bci oraz konkretnych potrzeb u\u017cytkownika. Rolety w kasecie charakteryzuj\u0105 si\u0119 bardziej nowoczesnym i schludnym wygl\u0105dem, poniewa\u017c tkanina jest schowana w metalowej kasecie, co dodaje elegancji i estetyki do pomieszczenia.&nbsp;<\/p>\n\n\n\n<p>Ponadto kasetowa konstrukcja zapewnia lepsz\u0105 ochron\u0119 tkaniny przed kurzem i zabrudzeniami oraz mo\u017ce by\u0107 trwalsza, co sprawia, \u017ce s\u0105 idealne do u\u017cytku w miejscach o intensywnym u\u017cytkowaniu. Rolety w kasecie dodatkowo s\u0105 wyposa\u017cone w prowadnice, kt\u00f3re utrzymuj\u0119 rolety w jednej pozycji.<\/p>\n\n\n\n<p>Z kolei rolety wolnowisz\u0105ce s\u0105 prostsze w konstrukcji i zazwyczaj ta\u0144sze. Tkanina opuszcza si\u0119 swobodnie, niezwi\u0105zana z kaset\u0105 ani prowadnicami, co daje bardziej swobodny i naturalny efekt. S\u0105 one cz\u0119sto wybierane do pomieszcze\u0144, gdzie zale\u017cy nam na prostocie i naturalnym wygl\u0105dzie, a tak\u017ce tam, gdzie nie ma potrzeby ochrony tkaniny w kasecie. Jednak\u017ce rolety wolnowisz\u0105ce mog\u0105 by\u0107 bardziej nara\u017cone na uszkodzenia.<\/p>\n\n\n\n<p>Ostateczny wyb\u00f3r mi\u0119dzy roletami w kasecie a wolnowisz\u0105cymi zale\u017cy wi\u0119c od indywidualnych preferencji estetycznych, bud\u017cetu oraz potrzeb funkcjonalnych danego pomieszczenia.<\/p>\n\n\n\n<h2 class=\"wp-block-heading\"><strong>Jak dobiera\u0107 rolety okienne?<\/strong><\/h2>\n\n\n\n<p>Dobieraj\u0105c rolety okienne, warto wzi\u0105\u0107 pod uwag\u0119 kilka istotnych czynnik\u00f3w. Po pierwsze, nale\u017cy dok\u0142adnie zmierzy\u0107 wymiary okna, aby wybra\u0107 rolety o odpowiedniej szeroko\u015bci i d\u0142ugo\u015bci. Nast\u0119pnie warto zastanowi\u0107 si\u0119 nad rodzajem rolety \u2013 czy maj\u0105 to by\u0107 rolety zaciemniaj\u0105ce, przyciemniaj\u0105ce, czy mo\u017ce bardziej dekoracyjne?<\/p>\n\n\n\n<p>Istotne jest r\u00f3wnie\u017c okre\u015blenie preferowanej metody monta\u017cu \u2013 inwazyjnej lub bezinwazyjnej, oraz materia\u0142u, z kt\u00f3rego wykonane s\u0105 rolety, uwzgl\u0119dniaj\u0105c estetyk\u0119, funkcjonalno\u015b\u0107 oraz trwa\u0142o\u015b\u0107. Dodatkowo warto zwr\u00f3ci\u0107 uwag\u0119 na dodatkowe funkcje, takie jak mechanizmy steruj\u0105ce czy systemy izolacyjne.<\/p>\n\n\n\n<p>Ostatecznie, decyzja powinna by\u0107 dopasowana do indywidualnych potrzeb, preferencji oraz charakteru pomieszczenia, w kt\u00f3rym rolety zostan\u0105 zamontowane.<\/p>\n\n\n\n<h2 class=\"wp-block-heading\"><strong>Jak wygl\u0105da monta\u017c rolet zaciemniaj\u0105cych?<\/strong><\/h2>\n\n\n\n<h3 class=\"wp-block-heading\">Monta\u017c bezinwazyjny:<\/h3>\n\n\n\n<p><strong>Zalety:<\/strong><\/p>\n\n\n\n<ul class=\"wp-block-list\">\n<li><strong>\u0141atwy i szybki<\/strong> \u2013 nie wymaga u\u017cycia narz\u0119dzi ani wiercenia otwor\u00f3w w \u015bcianie lub ramie okna.<\/li>\n\n\n\n<li><strong>Bezpieczny<\/strong> \u2013 nie ma ryzyka uszkodzenia okna lub \u015bciany.<\/li>\n\n\n\n<li><strong>Estetyczny<\/strong> \u2013 monta\u017c nie pozostawia widocznych \u015blad\u00f3w.<\/li>\n\n\n\n<li><strong>Uniwersalny<\/strong> \u2013 nadaje si\u0119 do wi\u0119kszo\u015bci typ\u00f3w okien, w tym PCV, drewnianych i aluminiowych.<\/li>\n\n\n\n<li><strong>Mo\u017cliwo\u015b\u0107 demonta\u017cu<\/strong> \u2013 rolety mo\u017cna \u0142atwo zdj\u0105\u0107 i zamontowa\u0107 w innym miejscu.<\/li>\n<\/ul>\n\n\n\n<h3 class=\"wp-block-heading\">Monta\u017c inwazyjny:<\/h3>\n\n\n\n<p><strong>Zalety:<\/strong><\/p>\n\n\n\n<ul class=\"wp-block-list\">\n<li><strong>Stabilny i trwa\u0142y<\/strong> \u2013 monta\u017c jest bardzo stabilny i trwa\u0142y, nawet w przypadku du\u017cych lub ci\u0119\u017ckich rolet.<\/li>\n\n\n\n<li><strong>Wytrzyma\u0142y<\/strong> \u2013 ko\u0142ki rozporowe mocuj\u0105ce rolety do \u015bciany lub ramy okna s\u0105 w stanie wytrzyma\u0107 du\u017ce obci\u0105\u017cenie.<\/li>\n\n\n\n<li><strong>Estetyczny<\/strong> \u2013 mo\u017cliwe jest schowanie element\u00f3w monta\u017cowych, co zapewnia estetyczny wygl\u0105d okna.<\/li>\n<\/ul>\n\n\n\n<h2 class=\"wp-block-heading\"><strong>Rolety zaciemniaj\u0105ce cena w 2024 &#8211; podsumowanie<\/strong><\/h2>\n\n\n\n<p>Rolety zaciemniaj\u0105ce to \u015bwietny wyb\u00f3r je\u015bli szukasz dobrej os\u0142ony swojego pokoju nie tylko przed nadmiarem \u015bwiat\u0142a, ale r\u00f3wnie\u017c przed wpadaj\u0105cym \u015bwiat\u0142em. Pami\u0119taj, \u017ce je\u015bli szukasz wysokiej jako\u015bci rolet do swojego domu, znajdziesz je w naszym sklepie internetowym. Oferujemy rolety zaciemniaj\u0105ce ju\u017c od 21 z\u0142 za komplet. Sprawd\u017a nasz\u0105 ofert\u0119 rolet zaciemniaj\u0105cych w dobrej cenie!<\/p>\n\n\n\n<h3 class=\"wp-block-heading\"><strong>Chcesz dowiedzie\u0107 si\u0119 wi\u0119cej, o naszych roletach?<\/strong><\/h3>\n\n\n\n<p>Odwied\u017a stron\u0119 naszego sklepu internetowego i sprawd\u017a ofert\u0119 na rolety zaciemniaj\u0105ce w dobrej cenie. Masz wi\u0119cej pyta\u0144? Napisz do nas na adres rena@rena.pl<\/p>\n\n\n\n<h3 class=\"wp-block-heading\"><strong>Chcesz porozmawia\u0107?<\/strong><\/h3>\n\n\n\n<p>Wolisz porozmawia\u0107 telefonicznie? Zadzwo\u0144 pod +48 67 307 06 67. Nasi specjali\u015bci s\u0105 do Twojej dyspozycji.<\/p>\n","protected":false},"excerpt":{"rendered":"<p>Rolety materia\u0142owe zaciemniaj\u0105ce to \u015bwietny wyb\u00f3r je\u015bli chcesz skutecznie os\u0142oni\u0107 si\u0119 przed nadmiarem \u015bwiat\u0142a i upa\u0142ami. Rolety wewn\u0119trzne tego typu sprawdz\u0105 si\u0119 niemal w ka\u017cdy pomieszczeniu. Z poni\u017cszego artyku\u0142u dowiesz si\u0119, w jakiej cenie mo\u017cna kupi\u0107 rolety zaciemniaj\u0105ce w 2024 roku. Rolety zaciemniaj\u0105ce cena w 2024 roku W naszym sklepie internetowym cena rolety zaciemniaj\u0105cych w [&hellip;]<\/p>\n","protected":false},"author":5,"featured_media":1592,"comment_status":"closed","ping_status":"open","sticky":false,"template":"","format":"standard","meta":{"footnotes":""},"categories":[2,3,5],"tags":[],"class_list":["post-1591","post","type-post","status-publish","format-standard","has-post-thumbnail","hentry","category-news","category-blog","category-tuts"],"yoast_head":"<!-- This site is optimized with the Yoast SEO plugin v21.3 - https:\/\/yoast.com\/wordpress\/plugins\/seo\/ -->\n<title>Rolety zaciemniaj\u0105ce cena w 2024 roku \u2013 rolety blackout<\/title>\n<meta name=\"description\" content=\"Poznaj cen\u0119 rolet zaciemniaj\u0105cych w 2024 roku. W naszym sklepie kupisz rolety zaciemniaj\u0105ce podgumowane ju\u017c za 21 z\u0142 za komplet.\" \/>\n<meta name=\"robots\" content=\"index, follow, max-snippet:-1, max-image-preview:large, max-video-preview:-1\" \/>\n<link rel=\"canonical\" href=\"https:\/\/www.rena.pl\/blog\/rolety-zaciemniajace-cena-w-2024\/\" \/>\n<meta property=\"og:locale\" content=\"pl_PL\" \/>\n<meta property=\"og:type\" content=\"article\" \/>\n<meta property=\"og:title\" content=\"Rolety zaciemniaj\u0105ce cena w 2024 roku \u2013 rolety blackout\" \/>\n<meta property=\"og:description\" content=\"Poznaj cen\u0119 rolet zaciemniaj\u0105cych w 2024 roku. W naszym sklepie kupisz rolety zaciemniaj\u0105ce podgumowane ju\u017c za 21 z\u0142 za komplet.\" \/>\n<meta property=\"og:url\" content=\"https:\/\/www.rena.pl\/blog\/rolety-zaciemniajace-cena-w-2024\/\" \/>\n<meta property=\"og:site_name\" content=\"Blog - RENA.PL - rolety, karnisze, wystr\u00f3j okien\" \/>\n<meta property=\"article:publisher\" content=\"https:\/\/www.facebook.com\/renapl\/\" \/>\n<meta property=\"article:published_time\" content=\"2024-04-26T07:00:54+00:00\" \/>\n<meta property=\"og:image\" content=\"https:\/\/www.rena.pl\/blog\/wp-content\/uploads\/2024\/04\/wyrozniajaca-zaciemniajace-min.jpg\" \/>\n\t<meta property=\"og:image:width\" content=\"720\" \/>\n\t<meta property=\"og:image:height\" content=\"340\" \/>\n\t<meta property=\"og:image:type\" content=\"image\/jpeg\" \/>\n<meta name=\"author\" content=\"damian\" \/>\n<meta name=\"twitter:card\" content=\"summary_large_image\" \/>\n<meta name=\"twitter:label1\" content=\"Napisane przez\" \/>\n\t<meta name=\"twitter:data1\" content=\"damian\" \/>\n\t<meta name=\"twitter:label2\" content=\"Szacowany czas czytania\" \/>\n\t<meta name=\"twitter:data2\" content=\"7 minut\" \/>\n<script type=\"application\/ld+json\" class=\"yoast-schema-graph\">{\"@context\":\"https:\/\/schema.org\",\"@graph\":[{\"@type\":\"Article\",\"@id\":\"https:\/\/www.rena.pl\/blog\/rolety-zaciemniajace-cena-w-2024\/#article\",\"isPartOf\":{\"@id\":\"https:\/\/www.rena.pl\/blog\/rolety-zaciemniajace-cena-w-2024\/\"},\"author\":{\"name\":\"damian\",\"@id\":\"https:\/\/www.rena.pl\/blog\/#\/schema\/person\/bf61e81a10f72c3f2388798b3942f2cb\"},\"headline\":\"Rolety zaciemniaj\u0105ce cena w 2024 roku. Ile kosztuj\u0105?\",\"datePublished\":\"2024-04-26T07:00:54+00:00\",\"dateModified\":\"2024-04-26T07:00:54+00:00\",\"mainEntityOfPage\":{\"@id\":\"https:\/\/www.rena.pl\/blog\/rolety-zaciemniajace-cena-w-2024\/\"},\"wordCount\":1282,\"publisher\":{\"@id\":\"https:\/\/www.rena.pl\/blog\/#organization\"},\"articleSection\":[\"Aktualno\u015bci\",\"Blog\",\"Poradniki\"],\"inLanguage\":\"pl-PL\"},{\"@type\":\"WebPage\",\"@id\":\"https:\/\/www.rena.pl\/blog\/rolety-zaciemniajace-cena-w-2024\/\",\"url\":\"https:\/\/www.rena.pl\/blog\/rolety-zaciemniajace-cena-w-2024\/\",\"name\":\"Rolety zaciemniaj\u0105ce cena w 2024 roku \u2013 rolety blackout\",\"isPartOf\":{\"@id\":\"https:\/\/www.rena.pl\/blog\/#website\"},\"datePublished\":\"2024-04-26T07:00:54+00:00\",\"dateModified\":\"2024-04-26T07:00:54+00:00\",\"description\":\"Poznaj cen\u0119 rolet zaciemniaj\u0105cych w 2024 roku. W naszym sklepie kupisz rolety zaciemniaj\u0105ce podgumowane ju\u017c za 21 z\u0142 za komplet.\",\"breadcrumb\":{\"@id\":\"https:\/\/www.rena.pl\/blog\/rolety-zaciemniajace-cena-w-2024\/#breadcrumb\"},\"inLanguage\":\"pl-PL\",\"potentialAction\":[{\"@type\":\"ReadAction\",\"target\":[\"https:\/\/www.rena.pl\/blog\/rolety-zaciemniajace-cena-w-2024\/\"]}]},{\"@type\":\"BreadcrumbList\",\"@id\":\"https:\/\/www.rena.pl\/blog\/rolety-zaciemniajace-cena-w-2024\/#breadcrumb\",\"itemListElement\":[{\"@type\":\"ListItem\",\"position\":1,\"name\":\"Blog\",\"item\":\"https:\/\/www.rena.pl\/blog\/\"},{\"@type\":\"ListItem\",\"position\":2,\"name\":\"Rolety zaciemniaj\u0105ce cena w 2024 roku. Ile kosztuj\u0105?\"}]},{\"@type\":\"WebSite\",\"@id\":\"https:\/\/www.rena.pl\/blog\/#website\",\"url\":\"https:\/\/www.rena.pl\/blog\/\",\"name\":\"Blog - RENA.PL - rolety, karnisze, wystr\u00f3j okien\",\"description\":\"Pierwszy blog po\u015bwi\u0119cony wystrojowi okien\",\"publisher\":{\"@id\":\"https:\/\/www.rena.pl\/blog\/#organization\"},\"potentialAction\":[{\"@type\":\"SearchAction\",\"target\":{\"@type\":\"EntryPoint\",\"urlTemplate\":\"https:\/\/www.rena.pl\/blog\/?s={search_term_string}\"},\"query-input\":\"required name=search_term_string\"}],\"inLanguage\":\"pl-PL\"},{\"@type\":\"Organization\",\"@id\":\"https:\/\/www.rena.pl\/blog\/#organization\",\"name\":\"Blog - RENA.PL - rolety, karnisze, wystr\u00f3j okien\",\"url\":\"https:\/\/www.rena.pl\/blog\/\",\"logo\":{\"@type\":\"ImageObject\",\"inLanguage\":\"pl-PL\",\"@id\":\"https:\/\/www.rena.pl\/blog\/#\/schema\/logo\/image\/\",\"url\":\"\",\"contentUrl\":\"\",\"caption\":\"Blog - RENA.PL - rolety, karnisze, wystr\u00f3j okien\"},\"image\":{\"@id\":\"https:\/\/www.rena.pl\/blog\/#\/schema\/logo\/image\/\"},\"sameAs\":[\"https:\/\/www.facebook.com\/renapl\/\",\"https:\/\/www.instagram.com\/rena.pl\/\",\"https:\/\/plus.google.com\/u\/0\/118128606782298385589\"]},{\"@type\":\"Person\",\"@id\":\"https:\/\/www.rena.pl\/blog\/#\/schema\/person\/bf61e81a10f72c3f2388798b3942f2cb\",\"name\":\"damian\",\"image\":{\"@type\":\"ImageObject\",\"inLanguage\":\"pl-PL\",\"@id\":\"https:\/\/www.rena.pl\/blog\/#\/schema\/person\/image\/\",\"url\":\"https:\/\/secure.gravatar.com\/avatar\/c74eb8832863535a4bfbaa5669026d390a4f2434144fb4a403bd65827b1f41ca?s=96&d=mm&r=g\",\"contentUrl\":\"https:\/\/secure.gravatar.com\/avatar\/c74eb8832863535a4bfbaa5669026d390a4f2434144fb4a403bd65827b1f41ca?s=96&d=mm&r=g\",\"caption\":\"damian\"}}]}<\/script>\n<!-- \/ Yoast SEO plugin. -->","yoast_head_json":{"title":"Rolety zaciemniaj\u0105ce cena w 2024 roku \u2013 rolety blackout","description":"Poznaj cen\u0119 rolet zaciemniaj\u0105cych w 2024 roku. W naszym sklepie kupisz rolety zaciemniaj\u0105ce podgumowane ju\u017c za 21 z\u0142 za komplet.","robots":{"index":"index","follow":"follow","max-snippet":"max-snippet:-1","max-image-preview":"max-image-preview:large","max-video-preview":"max-video-preview:-1"},"canonical":"https:\/\/www.rena.pl\/blog\/rolety-zaciemniajace-cena-w-2024\/","og_locale":"pl_PL","og_type":"article","og_title":"Rolety zaciemniaj\u0105ce cena w 2024 roku \u2013 rolety blackout","og_description":"Poznaj cen\u0119 rolet zaciemniaj\u0105cych w 2024 roku. W naszym sklepie kupisz rolety zaciemniaj\u0105ce podgumowane ju\u017c za 21 z\u0142 za komplet.","og_url":"https:\/\/www.rena.pl\/blog\/rolety-zaciemniajace-cena-w-2024\/","og_site_name":"Blog - RENA.PL - rolety, karnisze, wystr\u00f3j okien","article_publisher":"https:\/\/www.facebook.com\/renapl\/","article_published_time":"2024-04-26T07:00:54+00:00","og_image":[{"width":720,"height":340,"url":"https:\/\/www.rena.pl\/blog\/wp-content\/uploads\/2024\/04\/wyrozniajaca-zaciemniajace-min.jpg","type":"image\/jpeg"}],"author":"damian","twitter_card":"summary_large_image","twitter_misc":{"Napisane przez":"damian","Szacowany czas czytania":"7 minut"},"schema":{"@context":"https:\/\/schema.org","@graph":[{"@type":"Article","@id":"https:\/\/www.rena.pl\/blog\/rolety-zaciemniajace-cena-w-2024\/#article","isPartOf":{"@id":"https:\/\/www.rena.pl\/blog\/rolety-zaciemniajace-cena-w-2024\/"},"author":{"name":"damian","@id":"https:\/\/www.rena.pl\/blog\/#\/schema\/person\/bf61e81a10f72c3f2388798b3942f2cb"},"headline":"Rolety zaciemniaj\u0105ce cena w 2024 roku. Ile kosztuj\u0105?","datePublished":"2024-04-26T07:00:54+00:00","dateModified":"2024-04-26T07:00:54+00:00","mainEntityOfPage":{"@id":"https:\/\/www.rena.pl\/blog\/rolety-zaciemniajace-cena-w-2024\/"},"wordCount":1282,"publisher":{"@id":"https:\/\/www.rena.pl\/blog\/#organization"},"articleSection":["Aktualno\u015bci","Blog","Poradniki"],"inLanguage":"pl-PL"},{"@type":"WebPage","@id":"https:\/\/www.rena.pl\/blog\/rolety-zaciemniajace-cena-w-2024\/","url":"https:\/\/www.rena.pl\/blog\/rolety-zaciemniajace-cena-w-2024\/","name":"Rolety zaciemniaj\u0105ce cena w 2024 roku \u2013 rolety blackout","isPartOf":{"@id":"https:\/\/www.rena.pl\/blog\/#website"},"datePublished":"2024-04-26T07:00:54+00:00","dateModified":"2024-04-26T07:00:54+00:00","description":"Poznaj cen\u0119 rolet zaciemniaj\u0105cych w 2024 roku. W naszym sklepie kupisz rolety zaciemniaj\u0105ce podgumowane ju\u017c za 21 z\u0142 za komplet.","breadcrumb":{"@id":"https:\/\/www.rena.pl\/blog\/rolety-zaciemniajace-cena-w-2024\/#breadcrumb"},"inLanguage":"pl-PL","potentialAction":[{"@type":"ReadAction","target":["https:\/\/www.rena.pl\/blog\/rolety-zaciemniajace-cena-w-2024\/"]}]},{"@type":"BreadcrumbList","@id":"https:\/\/www.rena.pl\/blog\/rolety-zaciemniajace-cena-w-2024\/#breadcrumb","itemListElement":[{"@type":"ListItem","position":1,"name":"Blog","item":"https:\/\/www.rena.pl\/blog\/"},{"@type":"ListItem","position":2,"name":"Rolety zaciemniaj\u0105ce cena w 2024 roku. Ile kosztuj\u0105?"}]},{"@type":"WebSite","@id":"https:\/\/www.rena.pl\/blog\/#website","url":"https:\/\/www.rena.pl\/blog\/","name":"Blog - RENA.PL - rolety, karnisze, wystr\u00f3j okien","description":"Pierwszy blog po\u015bwi\u0119cony wystrojowi okien","publisher":{"@id":"https:\/\/www.rena.pl\/blog\/#organization"},"potentialAction":[{"@type":"SearchAction","target":{"@type":"EntryPoint","urlTemplate":"https:\/\/www.rena.pl\/blog\/?s={search_term_string}"},"query-input":"required name=search_term_string"}],"inLanguage":"pl-PL"},{"@type":"Organization","@id":"https:\/\/www.rena.pl\/blog\/#organization","name":"Blog - RENA.PL - rolety, karnisze, wystr\u00f3j okien","url":"https:\/\/www.rena.pl\/blog\/","logo":{"@type":"ImageObject","inLanguage":"pl-PL","@id":"https:\/\/www.rena.pl\/blog\/#\/schema\/logo\/image\/","url":"","contentUrl":"","caption":"Blog - RENA.PL - rolety, karnisze, wystr\u00f3j okien"},"image":{"@id":"https:\/\/www.rena.pl\/blog\/#\/schema\/logo\/image\/"},"sameAs":["https:\/\/www.facebook.com\/renapl\/","https:\/\/www.instagram.com\/rena.pl\/","https:\/\/plus.google.com\/u\/0\/118128606782298385589"]},{"@type":"Person","@id":"https:\/\/www.rena.pl\/blog\/#\/schema\/person\/bf61e81a10f72c3f2388798b3942f2cb","name":"damian","image":{"@type":"ImageObject","inLanguage":"pl-PL","@id":"https:\/\/www.rena.pl\/blog\/#\/schema\/person\/image\/","url":"https:\/\/secure.gravatar.com\/avatar\/c74eb8832863535a4bfbaa5669026d390a4f2434144fb4a403bd65827b1f41ca?s=96&d=mm&r=g","contentUrl":"https:\/\/secure.gravatar.com\/avatar\/c74eb8832863535a4bfbaa5669026d390a4f2434144fb4a403bd65827b1f41ca?s=96&d=mm&r=g","caption":"damian"}}]}},"_links":{"self":[{"href":"https:\/\/www.rena.pl\/blog\/wp-json\/wp\/v2\/posts\/1591","targetHints":{"allow":["GET"]}}],"collection":[{"href":"https:\/\/www.rena.pl\/blog\/wp-json\/wp\/v2\/posts"}],"about":[{"href":"https:\/\/www.rena.pl\/blog\/wp-json\/wp\/v2\/types\/post"}],"author":[{"embeddable":true,"href":"https:\/\/www.rena.pl\/blog\/wp-json\/wp\/v2\/users\/5"}],"replies":[{"embeddable":true,"href":"https:\/\/www.rena.pl\/blog\/wp-json\/wp\/v2\/comments?post=1591"}],"version-history":[{"count":1,"href":"https:\/\/www.rena.pl\/blog\/wp-json\/wp\/v2\/posts\/1591\/revisions"}],"predecessor-version":[{"id":1594,"href":"https:\/\/www.rena.pl\/blog\/wp-json\/wp\/v2\/posts\/1591\/revisions\/1594"}],"wp:featuredmedia":[{"embeddable":true,"href":"https:\/\/www.rena.pl\/blog\/wp-json\/wp\/v2\/media\/1592"}],"wp:attachment":[{"href":"https:\/\/www.rena.pl\/blog\/wp-json\/wp\/v2\/media?parent=1591"}],"wp:term":[{"taxonomy":"category","embeddable":true,"href":"https:\/\/www.rena.pl\/blog\/wp-json\/wp\/v2\/categories?post=1591"},{"taxonomy":"post_tag","embeddable":true,"href":"https:\/\/www.rena.pl\/blog\/wp-json\/wp\/v2\/tags?post=1591"}],"curies":[{"name":"wp","href":"https:\/\/api.w.org\/{rel}","templated":true}]}}